{"id":12140,"date":"2022-07-15T11:53:00","date_gmt":"2022-07-15T09:53:00","guid":{"rendered":"https:\/\/dev.comingreat.eu\/?p=12140"},"modified":"2022-12-09T11:54:53","modified_gmt":"2022-12-09T10:54:53","slug":"exposes-lors-de-la-rencontre-des-associations-regionales-dwa-hesse-rhenanie-palatinat-sarre","status":"publish","type":"post","link":"https:\/\/comingreat.eu\/fr\/exposes-lors-de-la-rencontre-des-associations-regionales-dwa-hesse-rhenanie-palatinat-sarre\/","title":{"rendered":"Expos\u00e9s lors de la rencontre des associations r\u00e9gionales DWA Hesse\/Rh\u00e9nanie-Palatinat\/Sarre"},"content":{"rendered":"\t\t<div data-elementor-type=\"wp-post\" data-elementor-id=\"12140\" class=\"elementor elementor-12140 elementor-10665\" data-elementor-post-type=\"post\">\n\t\t\t\t\t\t<section class=\"elementor-section elementor-top-section elementor-element elementor-element-3ac0298 elementor-section-boxed elementor-section-height-default elementor-section-height-default\" data-id=\"3ac0298\" data-element_type=\"section\" data-e-type=\"section\">\n\t\t\t\t\t\t<div class=\"elementor-container elementor-column-gap-default\">\n\t\t\t\t\t<div class=\"elementor-column elementor-col-100 elementor-top-column elementor-element elementor-element-78a1dcb\" data-id=\"78a1dcb\" data-element_type=\"column\" data-e-type=\"column\">\n\t\t\t<div class=\"elementor-widget-wrap elementor-element-populated\">\n\t\t\t\t\t\t<div class=\"elementor-element elementor-element-5fd078d elementor-widget elementor-widget-text-editor\" data-id=\"5fd078d\" data-element_type=\"widget\" data-e-type=\"widget\" data-widget_type=\"text-editor.default\">\n\t\t\t\t<div class=\"elementor-widget-container\">\n\t\t\t\t\t\t\t\t\t<p>Les 12 et 13 juillet 2022 s\u2019est d\u00e9roul\u00e9e \u00e0 Frankenthal la rencontre des associations r\u00e9gionales DWA, BWK et GFG sur le th\u00e8me \u00ab L\u2019eau ne conna\u00eet pas de fronti\u00e8res\u00a0\u00bb.\u00a0<\/p><p>Les expos\u00e9s sur les Nouveaut\u00e9s de la recherche \u00e9taient anim\u00e9s par Monsieur Joachim Hansen (Universit\u00e9 du Luxembourg, \u00e0 gauche sur la photo). C\u2019est dans ce cadre que Madame Tina Vollerthun (EVS) a pr\u00e9sent\u00e9 le projet CoMinGreat et les r\u00e9sultats obtenus \u00e0 ce jour. Monsieur Henning Knerr (Universit\u00e9 technique de Kaiserslautern, \u00e0 droite sur la photo) a pr\u00e9sent\u00e9 les r\u00e9sultats du projet P-Opt\u00a0: optimisation de l\u2019\u00e9limination du phosphore par fractionnement du phosphore dans les stations d\u2019\u00e9puration urbaines en Rh\u00e9nanie-Palatinat.\u00a0<\/p><p>L\u2019\u00e9tude des effets synergiques, c\u2019est-\u00e0-dire l\u2019\u00e9limination additionnelle du phosphore entre autres dans des installations d\u2019\u00e9limination des micropolluants, est \u00e9galement conduite dans le d\u00e9monstrateur du projet CoMinGreat. \u00c0 cet \u00e9gard, le fractionnement du phosphore \u00e0 l\u2019entr\u00e9e et \u00e0 la sortie du d\u00e9monstrateur permet de d\u00e9gager des enseignements importants sur l\u2019influence des proc\u00e9d\u00e9s \u00e9tudi\u00e9s sur la concentration du phosphore.<\/p>\t\t\t\t\t\t\t\t<\/div>\n\t\t\t\t<\/div>\n\t\t\t\t\t<\/div>\n\t\t<\/div>\n\t\t\t\t\t<\/div>\n\t\t<\/section>\n\t\t\t\t<\/div>\n\t\t","protected":false},"excerpt":{"rendered":"<p>Les 12 et 13 juillet 2022 s\u2019est d\u00e9roul\u00e9e \u00e0 Frankenthal la rencontre des associations r\u00e9gionales DWA, BWK et GFG sur le th\u00e8me \u00ab L\u2019eau ne conna\u00eet pas de fronti\u00e8res&nbsp;\u00bb.&nbsp; Les expos\u00e9s sur les Nouveaut\u00e9s de la recherche \u00e9taient anim\u00e9s par Monsieur Joachim Hansen (Universit\u00e9 du Luxembourg, \u00e0 gauche sur la photo). C\u2019est dans ce cadre [&hellip;]<\/p>\n","protected":false},"author":1,"featured_media":10667,"comment_status":"closed","ping_status":"open","sticky":false,"template":"","format":"standard","meta":{"footnotes":""},"categories":[24],"tags":[],"class_list":["post-12140","post","type-post","status-publish","format-standard","has-post-thumbnail","hentry","category-news-fr"],"yoast_head":"<!-- This site is optimized with the Yoast SEO plugin v27.5 - https:\/\/yoast.com\/product\/yoast-seo-wordpress\/ -->\n<title>Expos\u00e9s lors de la rencontre des associations r\u00e9gionales DWA Hesse\/Rh\u00e9nanie-Palatinat\/Sarre - CoMinGreat<\/title>\n<meta name=\"robots\" content=\"index, follow, max-snippet:-1, max-image-preview:large, max-video-preview:-1\" \/>\n<link rel=\"canonical\" href=\"https:\/\/comingreat.eu\/fr\/exposes-lors-de-la-rencontre-des-associations-regionales-dwa-hesse-rhenanie-palatinat-sarre\/\" \/>\n<meta property=\"og:locale\" content=\"fr_FR\" \/>\n<meta property=\"og:type\" content=\"article\" \/>\n<meta property=\"og:title\" content=\"Expos\u00e9s lors de la rencontre des associations r\u00e9gionales DWA Hesse\/Rh\u00e9nanie-Palatinat\/Sarre - CoMinGreat\" \/>\n<meta property=\"og:description\" content=\"Les 12 et 13 juillet 2022 s\u2019est d\u00e9roul\u00e9e \u00e0 Frankenthal la rencontre des associations r\u00e9gionales DWA, BWK et GFG sur le th\u00e8me \u00ab L\u2019eau ne conna\u00eet pas de fronti\u00e8res&nbsp;\u00bb.&nbsp; Les expos\u00e9s sur les Nouveaut\u00e9s de la recherche \u00e9taient anim\u00e9s par Monsieur Joachim Hansen (Universit\u00e9 du Luxembourg, \u00e0 gauche sur la photo). C\u2019est dans ce cadre [&hellip;]\" \/>\n<meta property=\"og:url\" content=\"https:\/\/comingreat.eu\/fr\/exposes-lors-de-la-rencontre-des-associations-regionales-dwa-hesse-rhenanie-palatinat-sarre\/\" \/>\n<meta property=\"og:site_name\" content=\"CoMinGreat\" \/>\n<meta property=\"article:published_time\" content=\"2022-07-15T09:53:00+00:00\" \/>\n<meta property=\"article:modified_time\" content=\"2022-12-09T10:54:53+00:00\" \/>\n<meta property=\"og:image\" content=\"https:\/\/comingreat.eu\/wp-content\/uploads\/2022\/11\/Gruppenbild2_DWA-Landesverbandstagung_2022.jpg\" \/>\n\t<meta property=\"og:image:width\" content=\"2016\" \/>\n\t<meta property=\"og:image:height\" content=\"1512\" \/>\n\t<meta property=\"og:image:type\" content=\"image\/jpeg\" \/>\n<meta name=\"author\" content=\"ek-admin\" \/>\n<meta name=\"twitter:card\" content=\"summary_large_image\" \/>\n<meta name=\"twitter:label1\" content=\"\u00c9crit par\" \/>\n\t<meta name=\"twitter:data1\" content=\"ek-admin\" \/>\n\t<meta name=\"twitter:label2\" content=\"Dur\u00e9e de lecture estim\u00e9e\" \/>\n\t<meta name=\"twitter:data2\" content=\"1 minute\" \/>\n<script type=\"application\/ld+json\" class=\"yoast-schema-graph\">{\"@context\":\"https:\\\/\\\/schema.org\",\"@graph\":[{\"@type\":\"Article\",\"@id\":\"https:\\\/\\\/comingreat.eu\\\/fr\\\/exposes-lors-de-la-rencontre-des-associations-regionales-dwa-hesse-rhenanie-palatinat-sarre\\\/#article\",\"isPartOf\":{\"@id\":\"https:\\\/\\\/comingreat.eu\\\/fr\\\/exposes-lors-de-la-rencontre-des-associations-regionales-dwa-hesse-rhenanie-palatinat-sarre\\\/\"},\"author\":{\"name\":\"ek-admin\",\"@id\":\"https:\\\/\\\/comingreat.eu\\\/fr\\\/#\\\/schema\\\/person\\\/607c22b8dcea7962dd6b3371041ed845\"},\"headline\":\"Expos\u00e9s lors de la rencontre des associations r\u00e9gionales DWA Hesse\\\/Rh\u00e9nanie-Palatinat\\\/Sarre\",\"datePublished\":\"2022-07-15T09:53:00+00:00\",\"dateModified\":\"2022-12-09T10:54:53+00:00\",\"mainEntityOfPage\":{\"@id\":\"https:\\\/\\\/comingreat.eu\\\/fr\\\/exposes-lors-de-la-rencontre-des-associations-regionales-dwa-hesse-rhenanie-palatinat-sarre\\\/\"},\"wordCount\":205,\"publisher\":{\"@id\":\"https:\\\/\\\/comingreat.eu\\\/fr\\\/#organization\"},\"image\":{\"@id\":\"https:\\\/\\\/comingreat.eu\\\/fr\\\/exposes-lors-de-la-rencontre-des-associations-regionales-dwa-hesse-rhenanie-palatinat-sarre\\\/#primaryimage\"},\"thumbnailUrl\":\"https:\\\/\\\/comingreat.eu\\\/wp-content\\\/uploads\\\/2022\\\/11\\\/Gruppenbild2_DWA-Landesverbandstagung_2022.jpg\",\"articleSection\":[\"News\"],\"inLanguage\":\"fr-FR\"},{\"@type\":\"WebPage\",\"@id\":\"https:\\\/\\\/comingreat.eu\\\/fr\\\/exposes-lors-de-la-rencontre-des-associations-regionales-dwa-hesse-rhenanie-palatinat-sarre\\\/\",\"url\":\"https:\\\/\\\/comingreat.eu\\\/fr\\\/exposes-lors-de-la-rencontre-des-associations-regionales-dwa-hesse-rhenanie-palatinat-sarre\\\/\",\"name\":\"Expos\u00e9s lors de la rencontre des associations r\u00e9gionales DWA Hesse\\\/Rh\u00e9nanie-Palatinat\\\/Sarre - CoMinGreat\",\"isPartOf\":{\"@id\":\"https:\\\/\\\/comingreat.eu\\\/fr\\\/#website\"},\"primaryImageOfPage\":{\"@id\":\"https:\\\/\\\/comingreat.eu\\\/fr\\\/exposes-lors-de-la-rencontre-des-associations-regionales-dwa-hesse-rhenanie-palatinat-sarre\\\/#primaryimage\"},\"image\":{\"@id\":\"https:\\\/\\\/comingreat.eu\\\/fr\\\/exposes-lors-de-la-rencontre-des-associations-regionales-dwa-hesse-rhenanie-palatinat-sarre\\\/#primaryimage\"},\"thumbnailUrl\":\"https:\\\/\\\/comingreat.eu\\\/wp-content\\\/uploads\\\/2022\\\/11\\\/Gruppenbild2_DWA-Landesverbandstagung_2022.jpg\",\"datePublished\":\"2022-07-15T09:53:00+00:00\",\"dateModified\":\"2022-12-09T10:54:53+00:00\",\"breadcrumb\":{\"@id\":\"https:\\\/\\\/comingreat.eu\\\/fr\\\/exposes-lors-de-la-rencontre-des-associations-regionales-dwa-hesse-rhenanie-palatinat-sarre\\\/#breadcrumb\"},\"inLanguage\":\"fr-FR\",\"potentialAction\":[{\"@type\":\"ReadAction\",\"target\":[\"https:\\\/\\\/comingreat.eu\\\/fr\\\/exposes-lors-de-la-rencontre-des-associations-regionales-dwa-hesse-rhenanie-palatinat-sarre\\\/\"]}]},{\"@type\":\"ImageObject\",\"inLanguage\":\"fr-FR\",\"@id\":\"https:\\\/\\\/comingreat.eu\\\/fr\\\/exposes-lors-de-la-rencontre-des-associations-regionales-dwa-hesse-rhenanie-palatinat-sarre\\\/#primaryimage\",\"url\":\"https:\\\/\\\/comingreat.eu\\\/wp-content\\\/uploads\\\/2022\\\/11\\\/Gruppenbild2_DWA-Landesverbandstagung_2022.jpg\",\"contentUrl\":\"https:\\\/\\\/comingreat.eu\\\/wp-content\\\/uploads\\\/2022\\\/11\\\/Gruppenbild2_DWA-Landesverbandstagung_2022.jpg\",\"width\":2016,\"height\":1512},{\"@type\":\"BreadcrumbList\",\"@id\":\"https:\\\/\\\/comingreat.eu\\\/fr\\\/exposes-lors-de-la-rencontre-des-associations-regionales-dwa-hesse-rhenanie-palatinat-sarre\\\/#breadcrumb\",\"itemListElement\":[{\"@type\":\"ListItem\",\"position\":1,\"name\":\"Page d'acceuil\",\"item\":\"https:\\\/\\\/comingreat.eu\\\/fr\\\/\"},{\"@type\":\"ListItem\",\"position\":2,\"name\":\"Expos\u00e9s lors de la rencontre des associations r\u00e9gionales DWA Hesse\\\/Rh\u00e9nanie-Palatinat\\\/Sarre\"}]},{\"@type\":\"WebSite\",\"@id\":\"https:\\\/\\\/comingreat.eu\\\/fr\\\/#website\",\"url\":\"https:\\\/\\\/comingreat.eu\\\/fr\\\/\",\"name\":\"CoMinGreat\",\"description\":\"Mikroschadstoffe in der Gro\u00dfregion\",\"publisher\":{\"@id\":\"https:\\\/\\\/comingreat.eu\\\/fr\\\/#organization\"},\"potentialAction\":[{\"@type\":\"SearchAction\",\"target\":{\"@type\":\"EntryPoint\",\"urlTemplate\":\"https:\\\/\\\/comingreat.eu\\\/fr\\\/?s={search_term_string}\"},\"query-input\":{\"@type\":\"PropertyValueSpecification\",\"valueRequired\":true,\"valueName\":\"search_term_string\"}}],\"inLanguage\":\"fr-FR\"},{\"@type\":\"Organization\",\"@id\":\"https:\\\/\\\/comingreat.eu\\\/fr\\\/#organization\",\"name\":\"CoMinGreat\",\"url\":\"https:\\\/\\\/comingreat.eu\\\/fr\\\/\",\"logo\":{\"@type\":\"ImageObject\",\"inLanguage\":\"fr-FR\",\"@id\":\"https:\\\/\\\/comingreat.eu\\\/fr\\\/#\\\/schema\\\/logo\\\/image\\\/\",\"url\":\"https:\\\/\\\/comingreat.eu\\\/wp-content\\\/uploads\\\/2022\\\/09\\\/Interreg_GR_CoMinGreat_RGB_web.svg\",\"contentUrl\":\"https:\\\/\\\/comingreat.eu\\\/wp-content\\\/uploads\\\/2022\\\/09\\\/Interreg_GR_CoMinGreat_RGB_web.svg\",\"width\":437,\"height\":177,\"caption\":\"CoMinGreat\"},\"image\":{\"@id\":\"https:\\\/\\\/comingreat.eu\\\/fr\\\/#\\\/schema\\\/logo\\\/image\\\/\"}},{\"@type\":\"Person\",\"@id\":\"https:\\\/\\\/comingreat.eu\\\/fr\\\/#\\\/schema\\\/person\\\/607c22b8dcea7962dd6b3371041ed845\",\"name\":\"ek-admin\",\"image\":{\"@type\":\"ImageObject\",\"inLanguage\":\"fr-FR\",\"@id\":\"https:\\\/\\\/secure.gravatar.com\\\/avatar\\\/0a74107c71cdf9ebf883f79ceb979663ebcf8c249ad93e4ff4e2a8f2d6ceb2bf?s=96&d=mm&r=g\",\"url\":\"https:\\\/\\\/secure.gravatar.com\\\/avatar\\\/0a74107c71cdf9ebf883f79ceb979663ebcf8c249ad93e4ff4e2a8f2d6ceb2bf?s=96&d=mm&r=g\",\"contentUrl\":\"https:\\\/\\\/secure.gravatar.com\\\/avatar\\\/0a74107c71cdf9ebf883f79ceb979663ebcf8c249ad93e4ff4e2a8f2d6ceb2bf?s=96&d=mm&r=g\",\"caption\":\"ek-admin\"},\"url\":\"https:\\\/\\\/comingreat.eu\\\/fr\\\/author\\\/ek-admin\\\/\"}]}<\/script>\n<!-- \/ Yoast SEO plugin. -->","yoast_head_json":{"title":"Expos\u00e9s lors de la rencontre des associations r\u00e9gionales DWA Hesse\/Rh\u00e9nanie-Palatinat\/Sarre - CoMinGreat","robots":{"index":"index","follow":"follow","max-snippet":"max-snippet:-1","max-image-preview":"max-image-preview:large","max-video-preview":"max-video-preview:-1"},"canonical":"https:\/\/comingreat.eu\/fr\/exposes-lors-de-la-rencontre-des-associations-regionales-dwa-hesse-rhenanie-palatinat-sarre\/","og_locale":"fr_FR","og_type":"article","og_title":"Expos\u00e9s lors de la rencontre des associations r\u00e9gionales DWA Hesse\/Rh\u00e9nanie-Palatinat\/Sarre - CoMinGreat","og_description":"Les 12 et 13 juillet 2022 s\u2019est d\u00e9roul\u00e9e \u00e0 Frankenthal la rencontre des associations r\u00e9gionales DWA, BWK et GFG sur le th\u00e8me \u00ab L\u2019eau ne conna\u00eet pas de fronti\u00e8res&nbsp;\u00bb.&nbsp; Les expos\u00e9s sur les Nouveaut\u00e9s de la recherche \u00e9taient anim\u00e9s par Monsieur Joachim Hansen (Universit\u00e9 du Luxembourg, \u00e0 gauche sur la photo). C\u2019est dans ce cadre [&hellip;]","og_url":"https:\/\/comingreat.eu\/fr\/exposes-lors-de-la-rencontre-des-associations-regionales-dwa-hesse-rhenanie-palatinat-sarre\/","og_site_name":"CoMinGreat","article_published_time":"2022-07-15T09:53:00+00:00","article_modified_time":"2022-12-09T10:54:53+00:00","og_image":[{"width":2016,"height":1512,"url":"https:\/\/comingreat.eu\/wp-content\/uploads\/2022\/11\/Gruppenbild2_DWA-Landesverbandstagung_2022.jpg","type":"image\/jpeg"}],"author":"ek-admin","twitter_card":"summary_large_image","twitter_misc":{"\u00c9crit par":"ek-admin","Dur\u00e9e de lecture estim\u00e9e":"1 minute"},"schema":{"@context":"https:\/\/schema.org","@graph":[{"@type":"Article","@id":"https:\/\/comingreat.eu\/fr\/exposes-lors-de-la-rencontre-des-associations-regionales-dwa-hesse-rhenanie-palatinat-sarre\/#article","isPartOf":{"@id":"https:\/\/comingreat.eu\/fr\/exposes-lors-de-la-rencontre-des-associations-regionales-dwa-hesse-rhenanie-palatinat-sarre\/"},"author":{"name":"ek-admin","@id":"https:\/\/comingreat.eu\/fr\/#\/schema\/person\/607c22b8dcea7962dd6b3371041ed845"},"headline":"Expos\u00e9s lors de la rencontre des associations r\u00e9gionales DWA Hesse\/Rh\u00e9nanie-Palatinat\/Sarre","datePublished":"2022-07-15T09:53:00+00:00","dateModified":"2022-12-09T10:54:53+00:00","mainEntityOfPage":{"@id":"https:\/\/comingreat.eu\/fr\/exposes-lors-de-la-rencontre-des-associations-regionales-dwa-hesse-rhenanie-palatinat-sarre\/"},"wordCount":205,"publisher":{"@id":"https:\/\/comingreat.eu\/fr\/#organization"},"image":{"@id":"https:\/\/comingreat.eu\/fr\/exposes-lors-de-la-rencontre-des-associations-regionales-dwa-hesse-rhenanie-palatinat-sarre\/#primaryimage"},"thumbnailUrl":"https:\/\/comingreat.eu\/wp-content\/uploads\/2022\/11\/Gruppenbild2_DWA-Landesverbandstagung_2022.jpg","articleSection":["News"],"inLanguage":"fr-FR"},{"@type":"WebPage","@id":"https:\/\/comingreat.eu\/fr\/exposes-lors-de-la-rencontre-des-associations-regionales-dwa-hesse-rhenanie-palatinat-sarre\/","url":"https:\/\/comingreat.eu\/fr\/exposes-lors-de-la-rencontre-des-associations-regionales-dwa-hesse-rhenanie-palatinat-sarre\/","name":"Expos\u00e9s lors de la rencontre des associations r\u00e9gionales DWA Hesse\/Rh\u00e9nanie-Palatinat\/Sarre - CoMinGreat","isPartOf":{"@id":"https:\/\/comingreat.eu\/fr\/#website"},"primaryImageOfPage":{"@id":"https:\/\/comingreat.eu\/fr\/exposes-lors-de-la-rencontre-des-associations-regionales-dwa-hesse-rhenanie-palatinat-sarre\/#primaryimage"},"image":{"@id":"https:\/\/comingreat.eu\/fr\/exposes-lors-de-la-rencontre-des-associations-regionales-dwa-hesse-rhenanie-palatinat-sarre\/#primaryimage"},"thumbnailUrl":"https:\/\/comingreat.eu\/wp-content\/uploads\/2022\/11\/Gruppenbild2_DWA-Landesverbandstagung_2022.jpg","datePublished":"2022-07-15T09:53:00+00:00","dateModified":"2022-12-09T10:54:53+00:00","breadcrumb":{"@id":"https:\/\/comingreat.eu\/fr\/exposes-lors-de-la-rencontre-des-associations-regionales-dwa-hesse-rhenanie-palatinat-sarre\/#breadcrumb"},"inLanguage":"fr-FR","potentialAction":[{"@type":"ReadAction","target":["https:\/\/comingreat.eu\/fr\/exposes-lors-de-la-rencontre-des-associations-regionales-dwa-hesse-rhenanie-palatinat-sarre\/"]}]},{"@type":"ImageObject","inLanguage":"fr-FR","@id":"https:\/\/comingreat.eu\/fr\/exposes-lors-de-la-rencontre-des-associations-regionales-dwa-hesse-rhenanie-palatinat-sarre\/#primaryimage","url":"https:\/\/comingreat.eu\/wp-content\/uploads\/2022\/11\/Gruppenbild2_DWA-Landesverbandstagung_2022.jpg","contentUrl":"https:\/\/comingreat.eu\/wp-content\/uploads\/2022\/11\/Gruppenbild2_DWA-Landesverbandstagung_2022.jpg","width":2016,"height":1512},{"@type":"BreadcrumbList","@id":"https:\/\/comingreat.eu\/fr\/exposes-lors-de-la-rencontre-des-associations-regionales-dwa-hesse-rhenanie-palatinat-sarre\/#breadcrumb","itemListElement":[{"@type":"ListItem","position":1,"name":"Page d'acceuil","item":"https:\/\/comingreat.eu\/fr\/"},{"@type":"ListItem","position":2,"name":"Expos\u00e9s lors de la rencontre des associations r\u00e9gionales DWA Hesse\/Rh\u00e9nanie-Palatinat\/Sarre"}]},{"@type":"WebSite","@id":"https:\/\/comingreat.eu\/fr\/#website","url":"https:\/\/comingreat.eu\/fr\/","name":"CoMinGreat","description":"Mikroschadstoffe in der Gro\u00dfregion","publisher":{"@id":"https:\/\/comingreat.eu\/fr\/#organization"},"potentialAction":[{"@type":"SearchAction","target":{"@type":"EntryPoint","urlTemplate":"https:\/\/comingreat.eu\/fr\/?s={search_term_string}"},"query-input":{"@type":"PropertyValueSpecification","valueRequired":true,"valueName":"search_term_string"}}],"inLanguage":"fr-FR"},{"@type":"Organization","@id":"https:\/\/comingreat.eu\/fr\/#organization","name":"CoMinGreat","url":"https:\/\/comingreat.eu\/fr\/","logo":{"@type":"ImageObject","inLanguage":"fr-FR","@id":"https:\/\/comingreat.eu\/fr\/#\/schema\/logo\/image\/","url":"https:\/\/comingreat.eu\/wp-content\/uploads\/2022\/09\/Interreg_GR_CoMinGreat_RGB_web.svg","contentUrl":"https:\/\/comingreat.eu\/wp-content\/uploads\/2022\/09\/Interreg_GR_CoMinGreat_RGB_web.svg","width":437,"height":177,"caption":"CoMinGreat"},"image":{"@id":"https:\/\/comingreat.eu\/fr\/#\/schema\/logo\/image\/"}},{"@type":"Person","@id":"https:\/\/comingreat.eu\/fr\/#\/schema\/person\/607c22b8dcea7962dd6b3371041ed845","name":"ek-admin","image":{"@type":"ImageObject","inLanguage":"fr-FR","@id":"https:\/\/secure.gravatar.com\/avatar\/0a74107c71cdf9ebf883f79ceb979663ebcf8c249ad93e4ff4e2a8f2d6ceb2bf?s=96&d=mm&r=g","url":"https:\/\/secure.gravatar.com\/avatar\/0a74107c71cdf9ebf883f79ceb979663ebcf8c249ad93e4ff4e2a8f2d6ceb2bf?s=96&d=mm&r=g","contentUrl":"https:\/\/secure.gravatar.com\/avatar\/0a74107c71cdf9ebf883f79ceb979663ebcf8c249ad93e4ff4e2a8f2d6ceb2bf?s=96&d=mm&r=g","caption":"ek-admin"},"url":"https:\/\/comingreat.eu\/fr\/author\/ek-admin\/"}]}},"_links":{"self":[{"href":"https:\/\/comingreat.eu\/fr\/wp-json\/wp\/v2\/posts\/12140","targetHints":{"allow":["GET"]}}],"collection":[{"href":"https:\/\/comingreat.eu\/fr\/wp-json\/wp\/v2\/posts"}],"about":[{"href":"https:\/\/comingreat.eu\/fr\/wp-json\/wp\/v2\/types\/post"}],"author":[{"embeddable":true,"href":"https:\/\/comingreat.eu\/fr\/wp-json\/wp\/v2\/users\/1"}],"replies":[{"embeddable":true,"href":"https:\/\/comingreat.eu\/fr\/wp-json\/wp\/v2\/comments?post=12140"}],"version-history":[{"count":5,"href":"https:\/\/comingreat.eu\/fr\/wp-json\/wp\/v2\/posts\/12140\/revisions"}],"predecessor-version":[{"id":12148,"href":"https:\/\/comingreat.eu\/fr\/wp-json\/wp\/v2\/posts\/12140\/revisions\/12148"}],"wp:featuredmedia":[{"embeddable":true,"href":"https:\/\/comingreat.eu\/fr\/wp-json\/wp\/v2\/media\/10667"}],"wp:attachment":[{"href":"https:\/\/comingreat.eu\/fr\/wp-json\/wp\/v2\/media?parent=12140"}],"wp:term":[{"taxonomy":"category","embeddable":true,"href":"https:\/\/comingreat.eu\/fr\/wp-json\/wp\/v2\/categories?post=12140"},{"taxonomy":"post_tag","embeddable":true,"href":"https:\/\/comingreat.eu\/fr\/wp-json\/wp\/v2\/tags?post=12140"}],"curies":[{"name":"wp","href":"https:\/\/api.w.org\/{rel}","templated":true}]}}