{"id":12157,"date":"2022-09-21T12:00:00","date_gmt":"2022-09-21T10:00:00","guid":{"rendered":"https:\/\/dev.comingreat.eu\/?p=12157"},"modified":"2022-12-09T12:03:06","modified_gmt":"2022-12-09T11:03:06","slug":"universite-du-luxembourg-journee-portes-ouvertes","status":"publish","type":"post","link":"https:\/\/comingreat.eu\/fr\/universite-du-luxembourg-journee-portes-ouvertes\/","title":{"rendered":"Universit\u00e9 du Luxembourg : journ\u00e9e portes ouvertes"},"content":{"rendered":"\t\t<div data-elementor-type=\"wp-post\" data-elementor-id=\"12157\" class=\"elementor elementor-12157 elementor-10686\" data-elementor-post-type=\"post\">\n\t\t\t\t\t\t<section class=\"elementor-section elementor-top-section elementor-element elementor-element-9a95c5b elementor-section-boxed elementor-section-height-default elementor-section-height-default\" data-id=\"9a95c5b\" data-element_type=\"section\" data-e-type=\"section\">\n\t\t\t\t\t\t<div class=\"elementor-container elementor-column-gap-default\">\n\t\t\t\t\t<div class=\"elementor-column elementor-col-100 elementor-top-column elementor-element elementor-element-0a1e95c\" data-id=\"0a1e95c\" data-element_type=\"column\" data-e-type=\"column\">\n\t\t\t<div class=\"elementor-widget-wrap elementor-element-populated\">\n\t\t\t\t\t\t<div class=\"elementor-element elementor-element-7732fff elementor-widget elementor-widget-text-editor\" data-id=\"7732fff\" data-element_type=\"widget\" data-e-type=\"widget\" data-widget_type=\"text-editor.default\">\n\t\t\t\t<div class=\"elementor-widget-container\">\n\t\t\t\t\t\t\t\t\t<p>La journ\u00e9e portes ouvertes du 18\/09\/2022 a notamment permis de visiter le laboratoire de gestion des eaux urbaines de l\u2019Universit\u00e9 du Luxembourg.\u00a0<\/p>\t\t\t\t\t\t\t\t<\/div>\n\t\t\t\t<\/div>\n\t\t\t\t\t<\/div>\n\t\t<\/div>\n\t\t\t\t\t<\/div>\n\t\t<\/section>\n\t\t\t\t<\/div>\n\t\t","protected":false},"excerpt":{"rendered":"<p>La journ\u00e9e portes ouvertes du 18\/09\/2022 a notamment permis de visiter le laboratoire de gestion des eaux urbaines de l\u2019Universit\u00e9 du Luxembourg.\u00a0<\/p>\n","protected":false},"author":1,"featured_media":10688,"comment_status":"closed","ping_status":"open","sticky":false,"template":"","format":"standard","meta":{"footnotes":""},"categories":[24],"tags":[],"class_list":["post-12157","post","type-post","status-publish","format-standard","has-post-thumbnail","hentry","category-news-fr"],"yoast_head":"<!-- This site is optimized with the Yoast SEO plugin v27.5 - https:\/\/yoast.com\/product\/yoast-seo-wordpress\/ -->\n<title>Universit\u00e9 du Luxembourg : journ\u00e9e portes ouvertes - CoMinGreat<\/title>\n<meta name=\"robots\" content=\"index, follow, max-snippet:-1, max-image-preview:large, max-video-preview:-1\" \/>\n<link rel=\"canonical\" href=\"https:\/\/comingreat.eu\/fr\/universite-du-luxembourg-journee-portes-ouvertes\/\" \/>\n<meta property=\"og:locale\" content=\"fr_FR\" \/>\n<meta property=\"og:type\" content=\"article\" \/>\n<meta property=\"og:title\" content=\"Universit\u00e9 du Luxembourg : journ\u00e9e portes ouvertes - CoMinGreat\" \/>\n<meta property=\"og:description\" content=\"La journ\u00e9e portes ouvertes du 18\/09\/2022 a notamment permis de visiter le laboratoire de gestion des eaux urbaines de l\u2019Universit\u00e9 du Luxembourg.\u00a0\" \/>\n<meta property=\"og:url\" content=\"https:\/\/comingreat.eu\/fr\/universite-du-luxembourg-journee-portes-ouvertes\/\" \/>\n<meta property=\"og:site_name\" content=\"CoMinGreat\" \/>\n<meta property=\"article:published_time\" content=\"2022-09-21T10:00:00+00:00\" \/>\n<meta property=\"article:modified_time\" content=\"2022-12-09T11:03:06+00:00\" \/>\n<meta property=\"og:image\" content=\"https:\/\/comingreat.eu\/wp-content\/uploads\/2022\/11\/IMG_20210919_164158-scaled.jpg\" \/>\n\t<meta property=\"og:image:width\" content=\"2560\" \/>\n\t<meta property=\"og:image:height\" content=\"1920\" \/>\n\t<meta property=\"og:image:type\" content=\"image\/jpeg\" \/>\n<meta name=\"author\" content=\"ek-admin\" \/>\n<meta name=\"twitter:card\" content=\"summary_large_image\" \/>\n<meta name=\"twitter:label1\" content=\"\u00c9crit par\" \/>\n\t<meta name=\"twitter:data1\" content=\"ek-admin\" \/>\n\t<meta name=\"twitter:label2\" content=\"Dur\u00e9e de lecture estim\u00e9e\" \/>\n\t<meta name=\"twitter:data2\" content=\"1 minute\" \/>\n<script type=\"application\/ld+json\" class=\"yoast-schema-graph\">{\"@context\":\"https:\\\/\\\/schema.org\",\"@graph\":[{\"@type\":\"Article\",\"@id\":\"https:\\\/\\\/comingreat.eu\\\/fr\\\/universite-du-luxembourg-journee-portes-ouvertes\\\/#article\",\"isPartOf\":{\"@id\":\"https:\\\/\\\/comingreat.eu\\\/fr\\\/universite-du-luxembourg-journee-portes-ouvertes\\\/\"},\"author\":{\"name\":\"ek-admin\",\"@id\":\"https:\\\/\\\/comingreat.eu\\\/fr\\\/#\\\/schema\\\/person\\\/607c22b8dcea7962dd6b3371041ed845\"},\"headline\":\"Universit\u00e9 du Luxembourg : journ\u00e9e portes ouvertes\",\"datePublished\":\"2022-09-21T10:00:00+00:00\",\"dateModified\":\"2022-12-09T11:03:06+00:00\",\"mainEntityOfPage\":{\"@id\":\"https:\\\/\\\/comingreat.eu\\\/fr\\\/universite-du-luxembourg-journee-portes-ouvertes\\\/\"},\"wordCount\":30,\"publisher\":{\"@id\":\"https:\\\/\\\/comingreat.eu\\\/fr\\\/#organization\"},\"image\":{\"@id\":\"https:\\\/\\\/comingreat.eu\\\/fr\\\/universite-du-luxembourg-journee-portes-ouvertes\\\/#primaryimage\"},\"thumbnailUrl\":\"https:\\\/\\\/comingreat.eu\\\/wp-content\\\/uploads\\\/2022\\\/11\\\/IMG_20210919_164158-scaled.jpg\",\"articleSection\":[\"News\"],\"inLanguage\":\"fr-FR\"},{\"@type\":\"WebPage\",\"@id\":\"https:\\\/\\\/comingreat.eu\\\/fr\\\/universite-du-luxembourg-journee-portes-ouvertes\\\/\",\"url\":\"https:\\\/\\\/comingreat.eu\\\/fr\\\/universite-du-luxembourg-journee-portes-ouvertes\\\/\",\"name\":\"Universit\u00e9 du Luxembourg : journ\u00e9e portes ouvertes - CoMinGreat\",\"isPartOf\":{\"@id\":\"https:\\\/\\\/comingreat.eu\\\/fr\\\/#website\"},\"primaryImageOfPage\":{\"@id\":\"https:\\\/\\\/comingreat.eu\\\/fr\\\/universite-du-luxembourg-journee-portes-ouvertes\\\/#primaryimage\"},\"image\":{\"@id\":\"https:\\\/\\\/comingreat.eu\\\/fr\\\/universite-du-luxembourg-journee-portes-ouvertes\\\/#primaryimage\"},\"thumbnailUrl\":\"https:\\\/\\\/comingreat.eu\\\/wp-content\\\/uploads\\\/2022\\\/11\\\/IMG_20210919_164158-scaled.jpg\",\"datePublished\":\"2022-09-21T10:00:00+00:00\",\"dateModified\":\"2022-12-09T11:03:06+00:00\",\"breadcrumb\":{\"@id\":\"https:\\\/\\\/comingreat.eu\\\/fr\\\/universite-du-luxembourg-journee-portes-ouvertes\\\/#breadcrumb\"},\"inLanguage\":\"fr-FR\",\"potentialAction\":[{\"@type\":\"ReadAction\",\"target\":[\"https:\\\/\\\/comingreat.eu\\\/fr\\\/universite-du-luxembourg-journee-portes-ouvertes\\\/\"]}]},{\"@type\":\"ImageObject\",\"inLanguage\":\"fr-FR\",\"@id\":\"https:\\\/\\\/comingreat.eu\\\/fr\\\/universite-du-luxembourg-journee-portes-ouvertes\\\/#primaryimage\",\"url\":\"https:\\\/\\\/comingreat.eu\\\/wp-content\\\/uploads\\\/2022\\\/11\\\/IMG_20210919_164158-scaled.jpg\",\"contentUrl\":\"https:\\\/\\\/comingreat.eu\\\/wp-content\\\/uploads\\\/2022\\\/11\\\/IMG_20210919_164158-scaled.jpg\",\"width\":2560,\"height\":1920},{\"@type\":\"BreadcrumbList\",\"@id\":\"https:\\\/\\\/comingreat.eu\\\/fr\\\/universite-du-luxembourg-journee-portes-ouvertes\\\/#breadcrumb\",\"itemListElement\":[{\"@type\":\"ListItem\",\"position\":1,\"name\":\"Page d'acceuil\",\"item\":\"https:\\\/\\\/comingreat.eu\\\/fr\\\/\"},{\"@type\":\"ListItem\",\"position\":2,\"name\":\"Universit\u00e9 du Luxembourg : journ\u00e9e portes ouvertes\"}]},{\"@type\":\"WebSite\",\"@id\":\"https:\\\/\\\/comingreat.eu\\\/fr\\\/#website\",\"url\":\"https:\\\/\\\/comingreat.eu\\\/fr\\\/\",\"name\":\"CoMinGreat\",\"description\":\"Mikroschadstoffe in der Gro\u00dfregion\",\"publisher\":{\"@id\":\"https:\\\/\\\/comingreat.eu\\\/fr\\\/#organization\"},\"potentialAction\":[{\"@type\":\"SearchAction\",\"target\":{\"@type\":\"EntryPoint\",\"urlTemplate\":\"https:\\\/\\\/comingreat.eu\\\/fr\\\/?s={search_term_string}\"},\"query-input\":{\"@type\":\"PropertyValueSpecification\",\"valueRequired\":true,\"valueName\":\"search_term_string\"}}],\"inLanguage\":\"fr-FR\"},{\"@type\":\"Organization\",\"@id\":\"https:\\\/\\\/comingreat.eu\\\/fr\\\/#organization\",\"name\":\"CoMinGreat\",\"url\":\"https:\\\/\\\/comingreat.eu\\\/fr\\\/\",\"logo\":{\"@type\":\"ImageObject\",\"inLanguage\":\"fr-FR\",\"@id\":\"https:\\\/\\\/comingreat.eu\\\/fr\\\/#\\\/schema\\\/logo\\\/image\\\/\",\"url\":\"https:\\\/\\\/comingreat.eu\\\/wp-content\\\/uploads\\\/2022\\\/09\\\/Interreg_GR_CoMinGreat_RGB_web.svg\",\"contentUrl\":\"https:\\\/\\\/comingreat.eu\\\/wp-content\\\/uploads\\\/2022\\\/09\\\/Interreg_GR_CoMinGreat_RGB_web.svg\",\"width\":437,\"height\":177,\"caption\":\"CoMinGreat\"},\"image\":{\"@id\":\"https:\\\/\\\/comingreat.eu\\\/fr\\\/#\\\/schema\\\/logo\\\/image\\\/\"}},{\"@type\":\"Person\",\"@id\":\"https:\\\/\\\/comingreat.eu\\\/fr\\\/#\\\/schema\\\/person\\\/607c22b8dcea7962dd6b3371041ed845\",\"name\":\"ek-admin\",\"image\":{\"@type\":\"ImageObject\",\"inLanguage\":\"fr-FR\",\"@id\":\"https:\\\/\\\/secure.gravatar.com\\\/avatar\\\/0a74107c71cdf9ebf883f79ceb979663ebcf8c249ad93e4ff4e2a8f2d6ceb2bf?s=96&d=mm&r=g\",\"url\":\"https:\\\/\\\/secure.gravatar.com\\\/avatar\\\/0a74107c71cdf9ebf883f79ceb979663ebcf8c249ad93e4ff4e2a8f2d6ceb2bf?s=96&d=mm&r=g\",\"contentUrl\":\"https:\\\/\\\/secure.gravatar.com\\\/avatar\\\/0a74107c71cdf9ebf883f79ceb979663ebcf8c249ad93e4ff4e2a8f2d6ceb2bf?s=96&d=mm&r=g\",\"caption\":\"ek-admin\"},\"url\":\"https:\\\/\\\/comingreat.eu\\\/fr\\\/author\\\/ek-admin\\\/\"}]}<\/script>\n<!-- \/ Yoast SEO plugin. -->","yoast_head_json":{"title":"Universit\u00e9 du Luxembourg : journ\u00e9e portes ouvertes - CoMinGreat","robots":{"index":"index","follow":"follow","max-snippet":"max-snippet:-1","max-image-preview":"max-image-preview:large","max-video-preview":"max-video-preview:-1"},"canonical":"https:\/\/comingreat.eu\/fr\/universite-du-luxembourg-journee-portes-ouvertes\/","og_locale":"fr_FR","og_type":"article","og_title":"Universit\u00e9 du Luxembourg : journ\u00e9e portes ouvertes - CoMinGreat","og_description":"La journ\u00e9e portes ouvertes du 18\/09\/2022 a notamment permis de visiter le laboratoire de gestion des eaux urbaines de l\u2019Universit\u00e9 du Luxembourg.\u00a0","og_url":"https:\/\/comingreat.eu\/fr\/universite-du-luxembourg-journee-portes-ouvertes\/","og_site_name":"CoMinGreat","article_published_time":"2022-09-21T10:00:00+00:00","article_modified_time":"2022-12-09T11:03:06+00:00","og_image":[{"width":2560,"height":1920,"url":"https:\/\/comingreat.eu\/wp-content\/uploads\/2022\/11\/IMG_20210919_164158-scaled.jpg","type":"image\/jpeg"}],"author":"ek-admin","twitter_card":"summary_large_image","twitter_misc":{"\u00c9crit par":"ek-admin","Dur\u00e9e de lecture estim\u00e9e":"1 minute"},"schema":{"@context":"https:\/\/schema.org","@graph":[{"@type":"Article","@id":"https:\/\/comingreat.eu\/fr\/universite-du-luxembourg-journee-portes-ouvertes\/#article","isPartOf":{"@id":"https:\/\/comingreat.eu\/fr\/universite-du-luxembourg-journee-portes-ouvertes\/"},"author":{"name":"ek-admin","@id":"https:\/\/comingreat.eu\/fr\/#\/schema\/person\/607c22b8dcea7962dd6b3371041ed845"},"headline":"Universit\u00e9 du Luxembourg : journ\u00e9e portes ouvertes","datePublished":"2022-09-21T10:00:00+00:00","dateModified":"2022-12-09T11:03:06+00:00","mainEntityOfPage":{"@id":"https:\/\/comingreat.eu\/fr\/universite-du-luxembourg-journee-portes-ouvertes\/"},"wordCount":30,"publisher":{"@id":"https:\/\/comingreat.eu\/fr\/#organization"},"image":{"@id":"https:\/\/comingreat.eu\/fr\/universite-du-luxembourg-journee-portes-ouvertes\/#primaryimage"},"thumbnailUrl":"https:\/\/comingreat.eu\/wp-content\/uploads\/2022\/11\/IMG_20210919_164158-scaled.jpg","articleSection":["News"],"inLanguage":"fr-FR"},{"@type":"WebPage","@id":"https:\/\/comingreat.eu\/fr\/universite-du-luxembourg-journee-portes-ouvertes\/","url":"https:\/\/comingreat.eu\/fr\/universite-du-luxembourg-journee-portes-ouvertes\/","name":"Universit\u00e9 du Luxembourg : journ\u00e9e portes ouvertes - CoMinGreat","isPartOf":{"@id":"https:\/\/comingreat.eu\/fr\/#website"},"primaryImageOfPage":{"@id":"https:\/\/comingreat.eu\/fr\/universite-du-luxembourg-journee-portes-ouvertes\/#primaryimage"},"image":{"@id":"https:\/\/comingreat.eu\/fr\/universite-du-luxembourg-journee-portes-ouvertes\/#primaryimage"},"thumbnailUrl":"https:\/\/comingreat.eu\/wp-content\/uploads\/2022\/11\/IMG_20210919_164158-scaled.jpg","datePublished":"2022-09-21T10:00:00+00:00","dateModified":"2022-12-09T11:03:06+00:00","breadcrumb":{"@id":"https:\/\/comingreat.eu\/fr\/universite-du-luxembourg-journee-portes-ouvertes\/#breadcrumb"},"inLanguage":"fr-FR","potentialAction":[{"@type":"ReadAction","target":["https:\/\/comingreat.eu\/fr\/universite-du-luxembourg-journee-portes-ouvertes\/"]}]},{"@type":"ImageObject","inLanguage":"fr-FR","@id":"https:\/\/comingreat.eu\/fr\/universite-du-luxembourg-journee-portes-ouvertes\/#primaryimage","url":"https:\/\/comingreat.eu\/wp-content\/uploads\/2022\/11\/IMG_20210919_164158-scaled.jpg","contentUrl":"https:\/\/comingreat.eu\/wp-content\/uploads\/2022\/11\/IMG_20210919_164158-scaled.jpg","width":2560,"height":1920},{"@type":"BreadcrumbList","@id":"https:\/\/comingreat.eu\/fr\/universite-du-luxembourg-journee-portes-ouvertes\/#breadcrumb","itemListElement":[{"@type":"ListItem","position":1,"name":"Page d'acceuil","item":"https:\/\/comingreat.eu\/fr\/"},{"@type":"ListItem","position":2,"name":"Universit\u00e9 du Luxembourg : journ\u00e9e portes ouvertes"}]},{"@type":"WebSite","@id":"https:\/\/comingreat.eu\/fr\/#website","url":"https:\/\/comingreat.eu\/fr\/","name":"CoMinGreat","description":"Mikroschadstoffe in der Gro\u00dfregion","publisher":{"@id":"https:\/\/comingreat.eu\/fr\/#organization"},"potentialAction":[{"@type":"SearchAction","target":{"@type":"EntryPoint","urlTemplate":"https:\/\/comingreat.eu\/fr\/?s={search_term_string}"},"query-input":{"@type":"PropertyValueSpecification","valueRequired":true,"valueName":"search_term_string"}}],"inLanguage":"fr-FR"},{"@type":"Organization","@id":"https:\/\/comingreat.eu\/fr\/#organization","name":"CoMinGreat","url":"https:\/\/comingreat.eu\/fr\/","logo":{"@type":"ImageObject","inLanguage":"fr-FR","@id":"https:\/\/comingreat.eu\/fr\/#\/schema\/logo\/image\/","url":"https:\/\/comingreat.eu\/wp-content\/uploads\/2022\/09\/Interreg_GR_CoMinGreat_RGB_web.svg","contentUrl":"https:\/\/comingreat.eu\/wp-content\/uploads\/2022\/09\/Interreg_GR_CoMinGreat_RGB_web.svg","width":437,"height":177,"caption":"CoMinGreat"},"image":{"@id":"https:\/\/comingreat.eu\/fr\/#\/schema\/logo\/image\/"}},{"@type":"Person","@id":"https:\/\/comingreat.eu\/fr\/#\/schema\/person\/607c22b8dcea7962dd6b3371041ed845","name":"ek-admin","image":{"@type":"ImageObject","inLanguage":"fr-FR","@id":"https:\/\/secure.gravatar.com\/avatar\/0a74107c71cdf9ebf883f79ceb979663ebcf8c249ad93e4ff4e2a8f2d6ceb2bf?s=96&d=mm&r=g","url":"https:\/\/secure.gravatar.com\/avatar\/0a74107c71cdf9ebf883f79ceb979663ebcf8c249ad93e4ff4e2a8f2d6ceb2bf?s=96&d=mm&r=g","contentUrl":"https:\/\/secure.gravatar.com\/avatar\/0a74107c71cdf9ebf883f79ceb979663ebcf8c249ad93e4ff4e2a8f2d6ceb2bf?s=96&d=mm&r=g","caption":"ek-admin"},"url":"https:\/\/comingreat.eu\/fr\/author\/ek-admin\/"}]}},"_links":{"self":[{"href":"https:\/\/comingreat.eu\/fr\/wp-json\/wp\/v2\/posts\/12157","targetHints":{"allow":["GET"]}}],"collection":[{"href":"https:\/\/comingreat.eu\/fr\/wp-json\/wp\/v2\/posts"}],"about":[{"href":"https:\/\/comingreat.eu\/fr\/wp-json\/wp\/v2\/types\/post"}],"author":[{"embeddable":true,"href":"https:\/\/comingreat.eu\/fr\/wp-json\/wp\/v2\/users\/1"}],"replies":[{"embeddable":true,"href":"https:\/\/comingreat.eu\/fr\/wp-json\/wp\/v2\/comments?post=12157"}],"version-history":[{"count":4,"href":"https:\/\/comingreat.eu\/fr\/wp-json\/wp\/v2\/posts\/12157\/revisions"}],"predecessor-version":[{"id":12164,"href":"https:\/\/comingreat.eu\/fr\/wp-json\/wp\/v2\/posts\/12157\/revisions\/12164"}],"wp:featuredmedia":[{"embeddable":true,"href":"https:\/\/comingreat.eu\/fr\/wp-json\/wp\/v2\/media\/10688"}],"wp:attachment":[{"href":"https:\/\/comingreat.eu\/fr\/wp-json\/wp\/v2\/media?parent=12157"}],"wp:term":[{"taxonomy":"category","embeddable":true,"href":"https:\/\/comingreat.eu\/fr\/wp-json\/wp\/v2\/categories?post=12157"},{"taxonomy":"post_tag","embeddable":true,"href":"https:\/\/comingreat.eu\/fr\/wp-json\/wp\/v2\/tags?post=12157"}],"curies":[{"name":"wp","href":"https:\/\/api.w.org\/{rel}","templated":true}]}}