{"id":12501,"date":"2022-06-10T11:05:00","date_gmt":"2022-06-10T09:05:00","guid":{"rendered":"https:\/\/dev.comingreat.eu\/?p=12501"},"modified":"2022-12-14T11:26:00","modified_gmt":"2022-12-14T10:26:00","slug":"reportage-a-la-radio-sarroise-comingreat-a-la-television","status":"publish","type":"post","link":"https:\/\/comingreat.eu\/fr\/reportage-a-la-radio-sarroise-comingreat-a-la-television\/","title":{"rendered":"Reportage \u00e0 la SR Saarl\u00e4ndischer Rundfunk &#8211; CoMinGreat \u00e0 la t\u00e9l\u00e9vision"},"content":{"rendered":"\t\t<div data-elementor-type=\"wp-post\" data-elementor-id=\"12501\" class=\"elementor elementor-12501 elementor-11383\" data-elementor-post-type=\"post\">\n\t\t\t\t\t\t<section class=\"elementor-section elementor-top-section elementor-element elementor-element-d155994 elementor-section-boxed elementor-section-height-default elementor-section-height-default\" data-id=\"d155994\" data-element_type=\"section\" data-e-type=\"section\">\n\t\t\t\t\t\t<div class=\"elementor-container elementor-column-gap-default\">\n\t\t\t\t\t<div class=\"elementor-column elementor-col-100 elementor-top-column elementor-element elementor-element-60efc221\" data-id=\"60efc221\" data-element_type=\"column\" data-e-type=\"column\">\n\t\t\t<div class=\"elementor-widget-wrap elementor-element-populated\">\n\t\t\t\t\t\t<div class=\"elementor-element elementor-element-89d3f33 elementor-widget elementor-widget-text-editor\" data-id=\"89d3f33\" data-element_type=\"widget\" data-e-type=\"widget\" data-widget_type=\"text-editor.default\">\n\t\t\t\t<div class=\"elementor-widget-container\">\n\t\t\t\t\t\t\t\t\t<p>En juin de cette ann\u00e9e, la SR Saarl\u00e4ndischer Rundfunk a consacr\u00e9 un reportage \u00e0 l&rsquo;\u00e9mission t\u00e9l\u00e9vis\u00e9e \u00ab\u00a0Wir im Saarland &#8211; Service\u00a0\u00bb au sujet du projet CoMinGreat et du centre de d\u00e9monstration et d&rsquo;information. Tina Vollerthun (EVS), Kai Klepiszewski (minist\u00e8re de l&rsquo;environnement de la Sarre) et Ralf Hasselbach (EVS) expliquent dans ce reportage la probl\u00e9matique des micropolluants et les techniques de proc\u00e9d\u00e9s possibles pour une \u00e9limination plus pouss\u00e9e des micropolluants.<\/p><p>Le reportage est disponible dans la m\u00e9diath\u00e8que de l&rsquo;ARD : <a href=\"https:\/\/www.ardmediathek.de\/video\/wir-im-saarland-service\/besseres-wasser-so-koennte-es-gehen\/sr\/Y3JpZDovL3NyLW9ubGluZS5kZS9TRS1XSU1TXzExNjU4Mw\" target=\"_blank\" rel=\"noopener\">www.ardmediathek.de<\/a><\/p>\t\t\t\t\t\t\t\t<\/div>\n\t\t\t\t<\/div>\n\t\t\t\t\t<\/div>\n\t\t<\/div>\n\t\t\t\t\t<\/div>\n\t\t<\/section>\n\t\t\t\t<\/div>\n\t\t","protected":false},"excerpt":{"rendered":"<p>En juin de cette ann\u00e9e, la SR Saarl\u00e4ndischer Rundfunk a consacr\u00e9 un reportage \u00e0 l&rsquo;\u00e9mission t\u00e9l\u00e9vis\u00e9e \u00ab\u00a0Wir im Saarland &#8211; Service\u00a0\u00bb au sujet du projet CoMinGreat et du centre de d\u00e9monstration et d&rsquo;information. Tina Vollerthun (EVS), Kai Klepiszewski (minist\u00e8re de l&rsquo;environnement de la Sarre) et Ralf Hasselbach (EVS) expliquent dans ce reportage la probl\u00e9matique des [&hellip;]<\/p>\n","protected":false},"author":1,"featured_media":4658,"comment_status":"closed","ping_status":"open","sticky":false,"template":"","format":"standard","meta":{"footnotes":""},"categories":[5],"tags":[],"class_list":["post-12501","post","type-post","status-publish","format-standard","has-post-thumbnail","hentry","category-non-classifiee"],"yoast_head":"<!-- This site is optimized with the Yoast SEO plugin v27.5 - https:\/\/yoast.com\/product\/yoast-seo-wordpress\/ -->\n<title>Reportage \u00e0 la SR Saarl\u00e4ndischer Rundfunk - CoMinGreat \u00e0 la t\u00e9l\u00e9vision - CoMinGreat<\/title>\n<meta name=\"robots\" content=\"index, follow, max-snippet:-1, max-image-preview:large, max-video-preview:-1\" \/>\n<link rel=\"canonical\" href=\"https:\/\/comingreat.eu\/fr\/reportage-a-la-radio-sarroise-comingreat-a-la-television\/\" \/>\n<meta property=\"og:locale\" content=\"fr_FR\" \/>\n<meta property=\"og:type\" content=\"article\" \/>\n<meta property=\"og:title\" content=\"Reportage \u00e0 la SR Saarl\u00e4ndischer Rundfunk - CoMinGreat \u00e0 la t\u00e9l\u00e9vision - CoMinGreat\" \/>\n<meta property=\"og:description\" content=\"En juin de cette ann\u00e9e, la SR Saarl\u00e4ndischer Rundfunk a consacr\u00e9 un reportage \u00e0 l&rsquo;\u00e9mission t\u00e9l\u00e9vis\u00e9e \u00ab\u00a0Wir im Saarland &#8211; Service\u00a0\u00bb au sujet du projet CoMinGreat et du centre de d\u00e9monstration et d&rsquo;information. Tina Vollerthun (EVS), Kai Klepiszewski (minist\u00e8re de l&rsquo;environnement de la Sarre) et Ralf Hasselbach (EVS) expliquent dans ce reportage la probl\u00e9matique des [&hellip;]\" \/>\n<meta property=\"og:url\" content=\"https:\/\/comingreat.eu\/fr\/reportage-a-la-radio-sarroise-comingreat-a-la-television\/\" \/>\n<meta property=\"og:site_name\" content=\"CoMinGreat\" \/>\n<meta property=\"article:published_time\" content=\"2022-06-10T09:05:00+00:00\" \/>\n<meta property=\"article:modified_time\" content=\"2022-12-14T10:26:00+00:00\" \/>\n<meta property=\"og:image\" content=\"https:\/\/comingreat.eu\/wp-content\/uploads\/2022\/09\/Interreg_GR_CoMinGreat_RGB_XL_web-01.png\" \/>\n\t<meta property=\"og:image:width\" content=\"1823\" \/>\n\t<meta property=\"og:image:height\" content=\"739\" \/>\n\t<meta property=\"og:image:type\" content=\"image\/png\" \/>\n<meta name=\"author\" content=\"ek-admin\" \/>\n<meta name=\"twitter:card\" content=\"summary_large_image\" \/>\n<meta name=\"twitter:label1\" content=\"\u00c9crit par\" \/>\n\t<meta name=\"twitter:data1\" content=\"ek-admin\" \/>\n\t<meta name=\"twitter:label2\" content=\"Dur\u00e9e de lecture estim\u00e9e\" \/>\n\t<meta name=\"twitter:data2\" content=\"1 minute\" \/>\n<script type=\"application\/ld+json\" class=\"yoast-schema-graph\">{\"@context\":\"https:\\\/\\\/schema.org\",\"@graph\":[{\"@type\":\"Article\",\"@id\":\"https:\\\/\\\/comingreat.eu\\\/fr\\\/reportage-a-la-radio-sarroise-comingreat-a-la-television\\\/#article\",\"isPartOf\":{\"@id\":\"https:\\\/\\\/comingreat.eu\\\/fr\\\/reportage-a-la-radio-sarroise-comingreat-a-la-television\\\/\"},\"author\":{\"name\":\"ek-admin\",\"@id\":\"https:\\\/\\\/comingreat.eu\\\/fr\\\/#\\\/schema\\\/person\\\/607c22b8dcea7962dd6b3371041ed845\"},\"headline\":\"Reportage \u00e0 la SR Saarl\u00e4ndischer Rundfunk &#8211; CoMinGreat \u00e0 la t\u00e9l\u00e9vision\",\"datePublished\":\"2022-06-10T09:05:00+00:00\",\"dateModified\":\"2022-12-14T10:26:00+00:00\",\"mainEntityOfPage\":{\"@id\":\"https:\\\/\\\/comingreat.eu\\\/fr\\\/reportage-a-la-radio-sarroise-comingreat-a-la-television\\\/\"},\"wordCount\":109,\"publisher\":{\"@id\":\"https:\\\/\\\/comingreat.eu\\\/fr\\\/#organization\"},\"image\":{\"@id\":\"https:\\\/\\\/comingreat.eu\\\/fr\\\/reportage-a-la-radio-sarroise-comingreat-a-la-television\\\/#primaryimage\"},\"thumbnailUrl\":\"https:\\\/\\\/comingreat.eu\\\/wp-content\\\/uploads\\\/2022\\\/09\\\/Interreg_GR_CoMinGreat_RGB_XL_web-01.png\",\"articleSection\":[\"Non classifi\u00e9(e)\"],\"inLanguage\":\"fr-FR\"},{\"@type\":\"WebPage\",\"@id\":\"https:\\\/\\\/comingreat.eu\\\/fr\\\/reportage-a-la-radio-sarroise-comingreat-a-la-television\\\/\",\"url\":\"https:\\\/\\\/comingreat.eu\\\/fr\\\/reportage-a-la-radio-sarroise-comingreat-a-la-television\\\/\",\"name\":\"Reportage \u00e0 la SR Saarl\u00e4ndischer Rundfunk - CoMinGreat \u00e0 la t\u00e9l\u00e9vision - CoMinGreat\",\"isPartOf\":{\"@id\":\"https:\\\/\\\/comingreat.eu\\\/fr\\\/#website\"},\"primaryImageOfPage\":{\"@id\":\"https:\\\/\\\/comingreat.eu\\\/fr\\\/reportage-a-la-radio-sarroise-comingreat-a-la-television\\\/#primaryimage\"},\"image\":{\"@id\":\"https:\\\/\\\/comingreat.eu\\\/fr\\\/reportage-a-la-radio-sarroise-comingreat-a-la-television\\\/#primaryimage\"},\"thumbnailUrl\":\"https:\\\/\\\/comingreat.eu\\\/wp-content\\\/uploads\\\/2022\\\/09\\\/Interreg_GR_CoMinGreat_RGB_XL_web-01.png\",\"datePublished\":\"2022-06-10T09:05:00+00:00\",\"dateModified\":\"2022-12-14T10:26:00+00:00\",\"breadcrumb\":{\"@id\":\"https:\\\/\\\/comingreat.eu\\\/fr\\\/reportage-a-la-radio-sarroise-comingreat-a-la-television\\\/#breadcrumb\"},\"inLanguage\":\"fr-FR\",\"potentialAction\":[{\"@type\":\"ReadAction\",\"target\":[\"https:\\\/\\\/comingreat.eu\\\/fr\\\/reportage-a-la-radio-sarroise-comingreat-a-la-television\\\/\"]}]},{\"@type\":\"ImageObject\",\"inLanguage\":\"fr-FR\",\"@id\":\"https:\\\/\\\/comingreat.eu\\\/fr\\\/reportage-a-la-radio-sarroise-comingreat-a-la-television\\\/#primaryimage\",\"url\":\"https:\\\/\\\/comingreat.eu\\\/wp-content\\\/uploads\\\/2022\\\/09\\\/Interreg_GR_CoMinGreat_RGB_XL_web-01.png\",\"contentUrl\":\"https:\\\/\\\/comingreat.eu\\\/wp-content\\\/uploads\\\/2022\\\/09\\\/Interreg_GR_CoMinGreat_RGB_XL_web-01.png\",\"width\":1823,\"height\":739},{\"@type\":\"BreadcrumbList\",\"@id\":\"https:\\\/\\\/comingreat.eu\\\/fr\\\/reportage-a-la-radio-sarroise-comingreat-a-la-television\\\/#breadcrumb\",\"itemListElement\":[{\"@type\":\"ListItem\",\"position\":1,\"name\":\"Page d'acceuil\",\"item\":\"https:\\\/\\\/comingreat.eu\\\/fr\\\/\"},{\"@type\":\"ListItem\",\"position\":2,\"name\":\"Reportage \u00e0 la SR Saarl\u00e4ndischer Rundfunk &#8211; CoMinGreat \u00e0 la t\u00e9l\u00e9vision\"}]},{\"@type\":\"WebSite\",\"@id\":\"https:\\\/\\\/comingreat.eu\\\/fr\\\/#website\",\"url\":\"https:\\\/\\\/comingreat.eu\\\/fr\\\/\",\"name\":\"CoMinGreat\",\"description\":\"Mikroschadstoffe in der Gro\u00dfregion\",\"publisher\":{\"@id\":\"https:\\\/\\\/comingreat.eu\\\/fr\\\/#organization\"},\"potentialAction\":[{\"@type\":\"SearchAction\",\"target\":{\"@type\":\"EntryPoint\",\"urlTemplate\":\"https:\\\/\\\/comingreat.eu\\\/fr\\\/?s={search_term_string}\"},\"query-input\":{\"@type\":\"PropertyValueSpecification\",\"valueRequired\":true,\"valueName\":\"search_term_string\"}}],\"inLanguage\":\"fr-FR\"},{\"@type\":\"Organization\",\"@id\":\"https:\\\/\\\/comingreat.eu\\\/fr\\\/#organization\",\"name\":\"CoMinGreat\",\"url\":\"https:\\\/\\\/comingreat.eu\\\/fr\\\/\",\"logo\":{\"@type\":\"ImageObject\",\"inLanguage\":\"fr-FR\",\"@id\":\"https:\\\/\\\/comingreat.eu\\\/fr\\\/#\\\/schema\\\/logo\\\/image\\\/\",\"url\":\"https:\\\/\\\/comingreat.eu\\\/wp-content\\\/uploads\\\/2022\\\/09\\\/Interreg_GR_CoMinGreat_RGB_web.svg\",\"contentUrl\":\"https:\\\/\\\/comingreat.eu\\\/wp-content\\\/uploads\\\/2022\\\/09\\\/Interreg_GR_CoMinGreat_RGB_web.svg\",\"width\":437,\"height\":177,\"caption\":\"CoMinGreat\"},\"image\":{\"@id\":\"https:\\\/\\\/comingreat.eu\\\/fr\\\/#\\\/schema\\\/logo\\\/image\\\/\"}},{\"@type\":\"Person\",\"@id\":\"https:\\\/\\\/comingreat.eu\\\/fr\\\/#\\\/schema\\\/person\\\/607c22b8dcea7962dd6b3371041ed845\",\"name\":\"ek-admin\",\"image\":{\"@type\":\"ImageObject\",\"inLanguage\":\"fr-FR\",\"@id\":\"https:\\\/\\\/secure.gravatar.com\\\/avatar\\\/0a74107c71cdf9ebf883f79ceb979663ebcf8c249ad93e4ff4e2a8f2d6ceb2bf?s=96&d=mm&r=g\",\"url\":\"https:\\\/\\\/secure.gravatar.com\\\/avatar\\\/0a74107c71cdf9ebf883f79ceb979663ebcf8c249ad93e4ff4e2a8f2d6ceb2bf?s=96&d=mm&r=g\",\"contentUrl\":\"https:\\\/\\\/secure.gravatar.com\\\/avatar\\\/0a74107c71cdf9ebf883f79ceb979663ebcf8c249ad93e4ff4e2a8f2d6ceb2bf?s=96&d=mm&r=g\",\"caption\":\"ek-admin\"},\"url\":\"https:\\\/\\\/comingreat.eu\\\/fr\\\/author\\\/ek-admin\\\/\"}]}<\/script>\n<!-- \/ Yoast SEO plugin. -->","yoast_head_json":{"title":"Reportage \u00e0 la SR Saarl\u00e4ndischer Rundfunk - CoMinGreat \u00e0 la t\u00e9l\u00e9vision - CoMinGreat","robots":{"index":"index","follow":"follow","max-snippet":"max-snippet:-1","max-image-preview":"max-image-preview:large","max-video-preview":"max-video-preview:-1"},"canonical":"https:\/\/comingreat.eu\/fr\/reportage-a-la-radio-sarroise-comingreat-a-la-television\/","og_locale":"fr_FR","og_type":"article","og_title":"Reportage \u00e0 la SR Saarl\u00e4ndischer Rundfunk - CoMinGreat \u00e0 la t\u00e9l\u00e9vision - CoMinGreat","og_description":"En juin de cette ann\u00e9e, la SR Saarl\u00e4ndischer Rundfunk a consacr\u00e9 un reportage \u00e0 l&rsquo;\u00e9mission t\u00e9l\u00e9vis\u00e9e \u00ab\u00a0Wir im Saarland &#8211; Service\u00a0\u00bb au sujet du projet CoMinGreat et du centre de d\u00e9monstration et d&rsquo;information. Tina Vollerthun (EVS), Kai Klepiszewski (minist\u00e8re de l&rsquo;environnement de la Sarre) et Ralf Hasselbach (EVS) expliquent dans ce reportage la probl\u00e9matique des [&hellip;]","og_url":"https:\/\/comingreat.eu\/fr\/reportage-a-la-radio-sarroise-comingreat-a-la-television\/","og_site_name":"CoMinGreat","article_published_time":"2022-06-10T09:05:00+00:00","article_modified_time":"2022-12-14T10:26:00+00:00","og_image":[{"width":1823,"height":739,"url":"https:\/\/comingreat.eu\/wp-content\/uploads\/2022\/09\/Interreg_GR_CoMinGreat_RGB_XL_web-01.png","type":"image\/png"}],"author":"ek-admin","twitter_card":"summary_large_image","twitter_misc":{"\u00c9crit par":"ek-admin","Dur\u00e9e de lecture estim\u00e9e":"1 minute"},"schema":{"@context":"https:\/\/schema.org","@graph":[{"@type":"Article","@id":"https:\/\/comingreat.eu\/fr\/reportage-a-la-radio-sarroise-comingreat-a-la-television\/#article","isPartOf":{"@id":"https:\/\/comingreat.eu\/fr\/reportage-a-la-radio-sarroise-comingreat-a-la-television\/"},"author":{"name":"ek-admin","@id":"https:\/\/comingreat.eu\/fr\/#\/schema\/person\/607c22b8dcea7962dd6b3371041ed845"},"headline":"Reportage \u00e0 la SR Saarl\u00e4ndischer Rundfunk &#8211; CoMinGreat \u00e0 la t\u00e9l\u00e9vision","datePublished":"2022-06-10T09:05:00+00:00","dateModified":"2022-12-14T10:26:00+00:00","mainEntityOfPage":{"@id":"https:\/\/comingreat.eu\/fr\/reportage-a-la-radio-sarroise-comingreat-a-la-television\/"},"wordCount":109,"publisher":{"@id":"https:\/\/comingreat.eu\/fr\/#organization"},"image":{"@id":"https:\/\/comingreat.eu\/fr\/reportage-a-la-radio-sarroise-comingreat-a-la-television\/#primaryimage"},"thumbnailUrl":"https:\/\/comingreat.eu\/wp-content\/uploads\/2022\/09\/Interreg_GR_CoMinGreat_RGB_XL_web-01.png","articleSection":["Non classifi\u00e9(e)"],"inLanguage":"fr-FR"},{"@type":"WebPage","@id":"https:\/\/comingreat.eu\/fr\/reportage-a-la-radio-sarroise-comingreat-a-la-television\/","url":"https:\/\/comingreat.eu\/fr\/reportage-a-la-radio-sarroise-comingreat-a-la-television\/","name":"Reportage \u00e0 la SR Saarl\u00e4ndischer Rundfunk - CoMinGreat \u00e0 la t\u00e9l\u00e9vision - CoMinGreat","isPartOf":{"@id":"https:\/\/comingreat.eu\/fr\/#website"},"primaryImageOfPage":{"@id":"https:\/\/comingreat.eu\/fr\/reportage-a-la-radio-sarroise-comingreat-a-la-television\/#primaryimage"},"image":{"@id":"https:\/\/comingreat.eu\/fr\/reportage-a-la-radio-sarroise-comingreat-a-la-television\/#primaryimage"},"thumbnailUrl":"https:\/\/comingreat.eu\/wp-content\/uploads\/2022\/09\/Interreg_GR_CoMinGreat_RGB_XL_web-01.png","datePublished":"2022-06-10T09:05:00+00:00","dateModified":"2022-12-14T10:26:00+00:00","breadcrumb":{"@id":"https:\/\/comingreat.eu\/fr\/reportage-a-la-radio-sarroise-comingreat-a-la-television\/#breadcrumb"},"inLanguage":"fr-FR","potentialAction":[{"@type":"ReadAction","target":["https:\/\/comingreat.eu\/fr\/reportage-a-la-radio-sarroise-comingreat-a-la-television\/"]}]},{"@type":"ImageObject","inLanguage":"fr-FR","@id":"https:\/\/comingreat.eu\/fr\/reportage-a-la-radio-sarroise-comingreat-a-la-television\/#primaryimage","url":"https:\/\/comingreat.eu\/wp-content\/uploads\/2022\/09\/Interreg_GR_CoMinGreat_RGB_XL_web-01.png","contentUrl":"https:\/\/comingreat.eu\/wp-content\/uploads\/2022\/09\/Interreg_GR_CoMinGreat_RGB_XL_web-01.png","width":1823,"height":739},{"@type":"BreadcrumbList","@id":"https:\/\/comingreat.eu\/fr\/reportage-a-la-radio-sarroise-comingreat-a-la-television\/#breadcrumb","itemListElement":[{"@type":"ListItem","position":1,"name":"Page d'acceuil","item":"https:\/\/comingreat.eu\/fr\/"},{"@type":"ListItem","position":2,"name":"Reportage \u00e0 la SR Saarl\u00e4ndischer Rundfunk &#8211; CoMinGreat \u00e0 la t\u00e9l\u00e9vision"}]},{"@type":"WebSite","@id":"https:\/\/comingreat.eu\/fr\/#website","url":"https:\/\/comingreat.eu\/fr\/","name":"CoMinGreat","description":"Mikroschadstoffe in der Gro\u00dfregion","publisher":{"@id":"https:\/\/comingreat.eu\/fr\/#organization"},"potentialAction":[{"@type":"SearchAction","target":{"@type":"EntryPoint","urlTemplate":"https:\/\/comingreat.eu\/fr\/?s={search_term_string}"},"query-input":{"@type":"PropertyValueSpecification","valueRequired":true,"valueName":"search_term_string"}}],"inLanguage":"fr-FR"},{"@type":"Organization","@id":"https:\/\/comingreat.eu\/fr\/#organization","name":"CoMinGreat","url":"https:\/\/comingreat.eu\/fr\/","logo":{"@type":"ImageObject","inLanguage":"fr-FR","@id":"https:\/\/comingreat.eu\/fr\/#\/schema\/logo\/image\/","url":"https:\/\/comingreat.eu\/wp-content\/uploads\/2022\/09\/Interreg_GR_CoMinGreat_RGB_web.svg","contentUrl":"https:\/\/comingreat.eu\/wp-content\/uploads\/2022\/09\/Interreg_GR_CoMinGreat_RGB_web.svg","width":437,"height":177,"caption":"CoMinGreat"},"image":{"@id":"https:\/\/comingreat.eu\/fr\/#\/schema\/logo\/image\/"}},{"@type":"Person","@id":"https:\/\/comingreat.eu\/fr\/#\/schema\/person\/607c22b8dcea7962dd6b3371041ed845","name":"ek-admin","image":{"@type":"ImageObject","inLanguage":"fr-FR","@id":"https:\/\/secure.gravatar.com\/avatar\/0a74107c71cdf9ebf883f79ceb979663ebcf8c249ad93e4ff4e2a8f2d6ceb2bf?s=96&d=mm&r=g","url":"https:\/\/secure.gravatar.com\/avatar\/0a74107c71cdf9ebf883f79ceb979663ebcf8c249ad93e4ff4e2a8f2d6ceb2bf?s=96&d=mm&r=g","contentUrl":"https:\/\/secure.gravatar.com\/avatar\/0a74107c71cdf9ebf883f79ceb979663ebcf8c249ad93e4ff4e2a8f2d6ceb2bf?s=96&d=mm&r=g","caption":"ek-admin"},"url":"https:\/\/comingreat.eu\/fr\/author\/ek-admin\/"}]}},"_links":{"self":[{"href":"https:\/\/comingreat.eu\/fr\/wp-json\/wp\/v2\/posts\/12501","targetHints":{"allow":["GET"]}}],"collection":[{"href":"https:\/\/comingreat.eu\/fr\/wp-json\/wp\/v2\/posts"}],"about":[{"href":"https:\/\/comingreat.eu\/fr\/wp-json\/wp\/v2\/types\/post"}],"author":[{"embeddable":true,"href":"https:\/\/comingreat.eu\/fr\/wp-json\/wp\/v2\/users\/1"}],"replies":[{"embeddable":true,"href":"https:\/\/comingreat.eu\/fr\/wp-json\/wp\/v2\/comments?post=12501"}],"version-history":[{"count":8,"href":"https:\/\/comingreat.eu\/fr\/wp-json\/wp\/v2\/posts\/12501\/revisions"}],"predecessor-version":[{"id":12520,"href":"https:\/\/comingreat.eu\/fr\/wp-json\/wp\/v2\/posts\/12501\/revisions\/12520"}],"wp:featuredmedia":[{"embeddable":true,"href":"https:\/\/comingreat.eu\/fr\/wp-json\/wp\/v2\/media\/4658"}],"wp:attachment":[{"href":"https:\/\/comingreat.eu\/fr\/wp-json\/wp\/v2\/media?parent=12501"}],"wp:term":[{"taxonomy":"category","embeddable":true,"href":"https:\/\/comingreat.eu\/fr\/wp-json\/wp\/v2\/categories?post=12501"},{"taxonomy":"post_tag","embeddable":true,"href":"https:\/\/comingreat.eu\/fr\/wp-json\/wp\/v2\/tags?post=12501"}],"curies":[{"name":"wp","href":"https:\/\/api.w.org\/{rel}","templated":true}]}}