{"id":12510,"date":"2022-09-20T11:07:12","date_gmt":"2022-09-20T09:07:12","guid":{"rendered":"https:\/\/dev.comingreat.eu\/?p=12510"},"modified":"2022-12-14T11:10:24","modified_gmt":"2022-12-14T10:10:24","slug":"comingreat-a-la-radio","status":"publish","type":"post","link":"https:\/\/comingreat.eu\/fr\/comingreat-a-la-radio\/","title":{"rendered":"CoMinGreat \u00e0 la radio"},"content":{"rendered":"\t\t<div data-elementor-type=\"wp-post\" data-elementor-id=\"12510\" class=\"elementor elementor-12510 elementor-11377\" data-elementor-post-type=\"post\">\n\t\t\t\t\t\t<section class=\"elementor-section elementor-top-section elementor-element elementor-element-2ea846c elementor-section-boxed elementor-section-height-default elementor-section-height-default\" data-id=\"2ea846c\" data-element_type=\"section\" data-e-type=\"section\">\n\t\t\t\t\t\t<div class=\"elementor-container elementor-column-gap-default\">\n\t\t\t\t\t<div class=\"elementor-column elementor-col-100 elementor-top-column elementor-element elementor-element-9f71484\" data-id=\"9f71484\" data-element_type=\"column\" data-e-type=\"column\">\n\t\t\t<div class=\"elementor-widget-wrap elementor-element-populated\">\n\t\t\t\t\t\t<div class=\"elementor-element elementor-element-bcc86b1 elementor-widget elementor-widget-text-editor\" data-id=\"bcc86b1\" data-element_type=\"widget\" data-e-type=\"widget\" data-widget_type=\"text-editor.default\">\n\t\t\t\t<div class=\"elementor-widget-container\">\n\t\t\t\t\t\t\t\t\t<p>En septembre de cette ann\u00e9e, la SR Saarl\u00e4ndischer Rundfunk a fait un reportage sur le projet CoMinGreat. Lors de la journ\u00e9e portes ouvertes \u00e0 la station d&rsquo;\u00e9puration de Bliesen, les journalistes ont profit\u00e9 de l&rsquo;occasion pour jeter un coup d&rsquo;\u0153il au centre de d\u00e9monstration et d&rsquo;information.<\/p><p>Le reportage est toujours disponible sur le site Internet de SR3 : <a href=\"https:\/\/www.sr.de\/sr\/sr3\/themen\/panorama\/comingreat_projekt_klaeranlage_wasserreinigung_mit_pflanzen_100.html\" target=\"_blank\" rel=\"noopener\">www.sr.de<\/a><\/p><p>La cha\u00eene nationale allemande Deutschlandfunk Kultur a \u00e9galement couvert la journ\u00e9e portes ouvertes de la station d&rsquo;\u00e9puration de Bliesen. L\u00e0 aussi, l&rsquo;accent a \u00e9t\u00e9 mis sur le centre d&rsquo;information et de d\u00e9monstration du projet CoMinGreat. Une classe d&rsquo;\u00e9cole a \u00e9t\u00e9 accompagn\u00e9e et a profit\u00e9 de l&rsquo;occasion pour faire une visite.<\/p><p>Ce reportage est \u00e9galement disponible en ligne sur : <a href=\"https:\/\/www.deutschlandfunkkultur.de\/sauberes-wasser-millionenprojekt-grossregion-saarland-100.html\" target=\"_blank\" rel=\"noopener\">www.deutschlandfunkkultur.de<\/a><\/p>\t\t\t\t\t\t\t\t<\/div>\n\t\t\t\t<\/div>\n\t\t\t\t\t<\/div>\n\t\t<\/div>\n\t\t\t\t\t<\/div>\n\t\t<\/section>\n\t\t\t\t<\/div>\n\t\t","protected":false},"excerpt":{"rendered":"<p>En septembre de cette ann\u00e9e, la SR Saarl\u00e4ndischer Rundfunk a fait un reportage sur le projet CoMinGreat. Lors de la journ\u00e9e portes ouvertes \u00e0 la station d&rsquo;\u00e9puration de Bliesen, les journalistes ont profit\u00e9 de l&rsquo;occasion pour jeter un coup d&rsquo;\u0153il au centre de d\u00e9monstration et d&rsquo;information. Le reportage est toujours disponible sur le site Internet [&hellip;]<\/p>\n","protected":false},"author":1,"featured_media":10033,"comment_status":"closed","ping_status":"open","sticky":false,"template":"","format":"standard","meta":{"footnotes":""},"categories":[5],"tags":[],"class_list":["post-12510","post","type-post","status-publish","format-standard","has-post-thumbnail","hentry","category-non-classifiee"],"yoast_head":"<!-- This site is optimized with the Yoast SEO plugin v27.5 - https:\/\/yoast.com\/product\/yoast-seo-wordpress\/ -->\n<title>CoMinGreat \u00e0 la radio - CoMinGreat<\/title>\n<meta name=\"robots\" content=\"index, follow, max-snippet:-1, max-image-preview:large, max-video-preview:-1\" \/>\n<link rel=\"canonical\" href=\"https:\/\/comingreat.eu\/fr\/comingreat-a-la-radio\/\" \/>\n<meta property=\"og:locale\" content=\"fr_FR\" \/>\n<meta property=\"og:type\" content=\"article\" \/>\n<meta property=\"og:title\" content=\"CoMinGreat \u00e0 la radio - CoMinGreat\" \/>\n<meta property=\"og:description\" content=\"En septembre de cette ann\u00e9e, la SR Saarl\u00e4ndischer Rundfunk a fait un reportage sur le projet CoMinGreat. Lors de la journ\u00e9e portes ouvertes \u00e0 la station d&rsquo;\u00e9puration de Bliesen, les journalistes ont profit\u00e9 de l&rsquo;occasion pour jeter un coup d&rsquo;\u0153il au centre de d\u00e9monstration et d&rsquo;information. Le reportage est toujours disponible sur le site Internet [&hellip;]\" \/>\n<meta property=\"og:url\" content=\"https:\/\/comingreat.eu\/fr\/comingreat-a-la-radio\/\" \/>\n<meta property=\"og:site_name\" content=\"CoMinGreat\" \/>\n<meta property=\"article:published_time\" content=\"2022-09-20T09:07:12+00:00\" \/>\n<meta property=\"article:modified_time\" content=\"2022-12-14T10:10:24+00:00\" \/>\n<meta property=\"og:image\" content=\"https:\/\/comingreat.eu\/wp-content\/uploads\/2022\/11\/IMG_1662-scaled.jpg\" \/>\n\t<meta property=\"og:image:width\" content=\"2560\" \/>\n\t<meta property=\"og:image:height\" content=\"1920\" \/>\n\t<meta property=\"og:image:type\" content=\"image\/jpeg\" \/>\n<meta name=\"author\" content=\"ek-admin\" \/>\n<meta name=\"twitter:card\" content=\"summary_large_image\" \/>\n<meta name=\"twitter:label1\" content=\"\u00c9crit par\" \/>\n\t<meta name=\"twitter:data1\" content=\"ek-admin\" \/>\n\t<meta name=\"twitter:label2\" content=\"Dur\u00e9e de lecture estim\u00e9e\" \/>\n\t<meta name=\"twitter:data2\" content=\"1 minute\" \/>\n<script type=\"application\/ld+json\" class=\"yoast-schema-graph\">{\"@context\":\"https:\\\/\\\/schema.org\",\"@graph\":[{\"@type\":\"Article\",\"@id\":\"https:\\\/\\\/comingreat.eu\\\/fr\\\/comingreat-a-la-radio\\\/#article\",\"isPartOf\":{\"@id\":\"https:\\\/\\\/comingreat.eu\\\/fr\\\/comingreat-a-la-radio\\\/\"},\"author\":{\"name\":\"ek-admin\",\"@id\":\"https:\\\/\\\/comingreat.eu\\\/fr\\\/#\\\/schema\\\/person\\\/607c22b8dcea7962dd6b3371041ed845\"},\"headline\":\"CoMinGreat \u00e0 la radio\",\"datePublished\":\"2022-09-20T09:07:12+00:00\",\"dateModified\":\"2022-12-14T10:10:24+00:00\",\"mainEntityOfPage\":{\"@id\":\"https:\\\/\\\/comingreat.eu\\\/fr\\\/comingreat-a-la-radio\\\/\"},\"wordCount\":140,\"publisher\":{\"@id\":\"https:\\\/\\\/comingreat.eu\\\/fr\\\/#organization\"},\"image\":{\"@id\":\"https:\\\/\\\/comingreat.eu\\\/fr\\\/comingreat-a-la-radio\\\/#primaryimage\"},\"thumbnailUrl\":\"https:\\\/\\\/comingreat.eu\\\/wp-content\\\/uploads\\\/2022\\\/11\\\/IMG_1662-scaled.jpg\",\"articleSection\":[\"Non classifi\u00e9(e)\"],\"inLanguage\":\"fr-FR\"},{\"@type\":\"WebPage\",\"@id\":\"https:\\\/\\\/comingreat.eu\\\/fr\\\/comingreat-a-la-radio\\\/\",\"url\":\"https:\\\/\\\/comingreat.eu\\\/fr\\\/comingreat-a-la-radio\\\/\",\"name\":\"CoMinGreat \u00e0 la radio - CoMinGreat\",\"isPartOf\":{\"@id\":\"https:\\\/\\\/comingreat.eu\\\/fr\\\/#website\"},\"primaryImageOfPage\":{\"@id\":\"https:\\\/\\\/comingreat.eu\\\/fr\\\/comingreat-a-la-radio\\\/#primaryimage\"},\"image\":{\"@id\":\"https:\\\/\\\/comingreat.eu\\\/fr\\\/comingreat-a-la-radio\\\/#primaryimage\"},\"thumbnailUrl\":\"https:\\\/\\\/comingreat.eu\\\/wp-content\\\/uploads\\\/2022\\\/11\\\/IMG_1662-scaled.jpg\",\"datePublished\":\"2022-09-20T09:07:12+00:00\",\"dateModified\":\"2022-12-14T10:10:24+00:00\",\"breadcrumb\":{\"@id\":\"https:\\\/\\\/comingreat.eu\\\/fr\\\/comingreat-a-la-radio\\\/#breadcrumb\"},\"inLanguage\":\"fr-FR\",\"potentialAction\":[{\"@type\":\"ReadAction\",\"target\":[\"https:\\\/\\\/comingreat.eu\\\/fr\\\/comingreat-a-la-radio\\\/\"]}]},{\"@type\":\"ImageObject\",\"inLanguage\":\"fr-FR\",\"@id\":\"https:\\\/\\\/comingreat.eu\\\/fr\\\/comingreat-a-la-radio\\\/#primaryimage\",\"url\":\"https:\\\/\\\/comingreat.eu\\\/wp-content\\\/uploads\\\/2022\\\/11\\\/IMG_1662-scaled.jpg\",\"contentUrl\":\"https:\\\/\\\/comingreat.eu\\\/wp-content\\\/uploads\\\/2022\\\/11\\\/IMG_1662-scaled.jpg\",\"width\":2560,\"height\":1920},{\"@type\":\"BreadcrumbList\",\"@id\":\"https:\\\/\\\/comingreat.eu\\\/fr\\\/comingreat-a-la-radio\\\/#breadcrumb\",\"itemListElement\":[{\"@type\":\"ListItem\",\"position\":1,\"name\":\"Page d'acceuil\",\"item\":\"https:\\\/\\\/comingreat.eu\\\/fr\\\/\"},{\"@type\":\"ListItem\",\"position\":2,\"name\":\"CoMinGreat \u00e0 la radio\"}]},{\"@type\":\"WebSite\",\"@id\":\"https:\\\/\\\/comingreat.eu\\\/fr\\\/#website\",\"url\":\"https:\\\/\\\/comingreat.eu\\\/fr\\\/\",\"name\":\"CoMinGreat\",\"description\":\"Mikroschadstoffe in der Gro\u00dfregion\",\"publisher\":{\"@id\":\"https:\\\/\\\/comingreat.eu\\\/fr\\\/#organization\"},\"potentialAction\":[{\"@type\":\"SearchAction\",\"target\":{\"@type\":\"EntryPoint\",\"urlTemplate\":\"https:\\\/\\\/comingreat.eu\\\/fr\\\/?s={search_term_string}\"},\"query-input\":{\"@type\":\"PropertyValueSpecification\",\"valueRequired\":true,\"valueName\":\"search_term_string\"}}],\"inLanguage\":\"fr-FR\"},{\"@type\":\"Organization\",\"@id\":\"https:\\\/\\\/comingreat.eu\\\/fr\\\/#organization\",\"name\":\"CoMinGreat\",\"url\":\"https:\\\/\\\/comingreat.eu\\\/fr\\\/\",\"logo\":{\"@type\":\"ImageObject\",\"inLanguage\":\"fr-FR\",\"@id\":\"https:\\\/\\\/comingreat.eu\\\/fr\\\/#\\\/schema\\\/logo\\\/image\\\/\",\"url\":\"https:\\\/\\\/comingreat.eu\\\/wp-content\\\/uploads\\\/2022\\\/09\\\/Interreg_GR_CoMinGreat_RGB_web.svg\",\"contentUrl\":\"https:\\\/\\\/comingreat.eu\\\/wp-content\\\/uploads\\\/2022\\\/09\\\/Interreg_GR_CoMinGreat_RGB_web.svg\",\"width\":437,\"height\":177,\"caption\":\"CoMinGreat\"},\"image\":{\"@id\":\"https:\\\/\\\/comingreat.eu\\\/fr\\\/#\\\/schema\\\/logo\\\/image\\\/\"}},{\"@type\":\"Person\",\"@id\":\"https:\\\/\\\/comingreat.eu\\\/fr\\\/#\\\/schema\\\/person\\\/607c22b8dcea7962dd6b3371041ed845\",\"name\":\"ek-admin\",\"image\":{\"@type\":\"ImageObject\",\"inLanguage\":\"fr-FR\",\"@id\":\"https:\\\/\\\/secure.gravatar.com\\\/avatar\\\/0a74107c71cdf9ebf883f79ceb979663ebcf8c249ad93e4ff4e2a8f2d6ceb2bf?s=96&d=mm&r=g\",\"url\":\"https:\\\/\\\/secure.gravatar.com\\\/avatar\\\/0a74107c71cdf9ebf883f79ceb979663ebcf8c249ad93e4ff4e2a8f2d6ceb2bf?s=96&d=mm&r=g\",\"contentUrl\":\"https:\\\/\\\/secure.gravatar.com\\\/avatar\\\/0a74107c71cdf9ebf883f79ceb979663ebcf8c249ad93e4ff4e2a8f2d6ceb2bf?s=96&d=mm&r=g\",\"caption\":\"ek-admin\"},\"url\":\"https:\\\/\\\/comingreat.eu\\\/fr\\\/author\\\/ek-admin\\\/\"}]}<\/script>\n<!-- \/ Yoast SEO plugin. -->","yoast_head_json":{"title":"CoMinGreat \u00e0 la radio - CoMinGreat","robots":{"index":"index","follow":"follow","max-snippet":"max-snippet:-1","max-image-preview":"max-image-preview:large","max-video-preview":"max-video-preview:-1"},"canonical":"https:\/\/comingreat.eu\/fr\/comingreat-a-la-radio\/","og_locale":"fr_FR","og_type":"article","og_title":"CoMinGreat \u00e0 la radio - CoMinGreat","og_description":"En septembre de cette ann\u00e9e, la SR Saarl\u00e4ndischer Rundfunk a fait un reportage sur le projet CoMinGreat. Lors de la journ\u00e9e portes ouvertes \u00e0 la station d&rsquo;\u00e9puration de Bliesen, les journalistes ont profit\u00e9 de l&rsquo;occasion pour jeter un coup d&rsquo;\u0153il au centre de d\u00e9monstration et d&rsquo;information. Le reportage est toujours disponible sur le site Internet [&hellip;]","og_url":"https:\/\/comingreat.eu\/fr\/comingreat-a-la-radio\/","og_site_name":"CoMinGreat","article_published_time":"2022-09-20T09:07:12+00:00","article_modified_time":"2022-12-14T10:10:24+00:00","og_image":[{"width":2560,"height":1920,"url":"https:\/\/comingreat.eu\/wp-content\/uploads\/2022\/11\/IMG_1662-scaled.jpg","type":"image\/jpeg"}],"author":"ek-admin","twitter_card":"summary_large_image","twitter_misc":{"\u00c9crit par":"ek-admin","Dur\u00e9e de lecture estim\u00e9e":"1 minute"},"schema":{"@context":"https:\/\/schema.org","@graph":[{"@type":"Article","@id":"https:\/\/comingreat.eu\/fr\/comingreat-a-la-radio\/#article","isPartOf":{"@id":"https:\/\/comingreat.eu\/fr\/comingreat-a-la-radio\/"},"author":{"name":"ek-admin","@id":"https:\/\/comingreat.eu\/fr\/#\/schema\/person\/607c22b8dcea7962dd6b3371041ed845"},"headline":"CoMinGreat \u00e0 la radio","datePublished":"2022-09-20T09:07:12+00:00","dateModified":"2022-12-14T10:10:24+00:00","mainEntityOfPage":{"@id":"https:\/\/comingreat.eu\/fr\/comingreat-a-la-radio\/"},"wordCount":140,"publisher":{"@id":"https:\/\/comingreat.eu\/fr\/#organization"},"image":{"@id":"https:\/\/comingreat.eu\/fr\/comingreat-a-la-radio\/#primaryimage"},"thumbnailUrl":"https:\/\/comingreat.eu\/wp-content\/uploads\/2022\/11\/IMG_1662-scaled.jpg","articleSection":["Non classifi\u00e9(e)"],"inLanguage":"fr-FR"},{"@type":"WebPage","@id":"https:\/\/comingreat.eu\/fr\/comingreat-a-la-radio\/","url":"https:\/\/comingreat.eu\/fr\/comingreat-a-la-radio\/","name":"CoMinGreat \u00e0 la radio - CoMinGreat","isPartOf":{"@id":"https:\/\/comingreat.eu\/fr\/#website"},"primaryImageOfPage":{"@id":"https:\/\/comingreat.eu\/fr\/comingreat-a-la-radio\/#primaryimage"},"image":{"@id":"https:\/\/comingreat.eu\/fr\/comingreat-a-la-radio\/#primaryimage"},"thumbnailUrl":"https:\/\/comingreat.eu\/wp-content\/uploads\/2022\/11\/IMG_1662-scaled.jpg","datePublished":"2022-09-20T09:07:12+00:00","dateModified":"2022-12-14T10:10:24+00:00","breadcrumb":{"@id":"https:\/\/comingreat.eu\/fr\/comingreat-a-la-radio\/#breadcrumb"},"inLanguage":"fr-FR","potentialAction":[{"@type":"ReadAction","target":["https:\/\/comingreat.eu\/fr\/comingreat-a-la-radio\/"]}]},{"@type":"ImageObject","inLanguage":"fr-FR","@id":"https:\/\/comingreat.eu\/fr\/comingreat-a-la-radio\/#primaryimage","url":"https:\/\/comingreat.eu\/wp-content\/uploads\/2022\/11\/IMG_1662-scaled.jpg","contentUrl":"https:\/\/comingreat.eu\/wp-content\/uploads\/2022\/11\/IMG_1662-scaled.jpg","width":2560,"height":1920},{"@type":"BreadcrumbList","@id":"https:\/\/comingreat.eu\/fr\/comingreat-a-la-radio\/#breadcrumb","itemListElement":[{"@type":"ListItem","position":1,"name":"Page d'acceuil","item":"https:\/\/comingreat.eu\/fr\/"},{"@type":"ListItem","position":2,"name":"CoMinGreat \u00e0 la radio"}]},{"@type":"WebSite","@id":"https:\/\/comingreat.eu\/fr\/#website","url":"https:\/\/comingreat.eu\/fr\/","name":"CoMinGreat","description":"Mikroschadstoffe in der Gro\u00dfregion","publisher":{"@id":"https:\/\/comingreat.eu\/fr\/#organization"},"potentialAction":[{"@type":"SearchAction","target":{"@type":"EntryPoint","urlTemplate":"https:\/\/comingreat.eu\/fr\/?s={search_term_string}"},"query-input":{"@type":"PropertyValueSpecification","valueRequired":true,"valueName":"search_term_string"}}],"inLanguage":"fr-FR"},{"@type":"Organization","@id":"https:\/\/comingreat.eu\/fr\/#organization","name":"CoMinGreat","url":"https:\/\/comingreat.eu\/fr\/","logo":{"@type":"ImageObject","inLanguage":"fr-FR","@id":"https:\/\/comingreat.eu\/fr\/#\/schema\/logo\/image\/","url":"https:\/\/comingreat.eu\/wp-content\/uploads\/2022\/09\/Interreg_GR_CoMinGreat_RGB_web.svg","contentUrl":"https:\/\/comingreat.eu\/wp-content\/uploads\/2022\/09\/Interreg_GR_CoMinGreat_RGB_web.svg","width":437,"height":177,"caption":"CoMinGreat"},"image":{"@id":"https:\/\/comingreat.eu\/fr\/#\/schema\/logo\/image\/"}},{"@type":"Person","@id":"https:\/\/comingreat.eu\/fr\/#\/schema\/person\/607c22b8dcea7962dd6b3371041ed845","name":"ek-admin","image":{"@type":"ImageObject","inLanguage":"fr-FR","@id":"https:\/\/secure.gravatar.com\/avatar\/0a74107c71cdf9ebf883f79ceb979663ebcf8c249ad93e4ff4e2a8f2d6ceb2bf?s=96&d=mm&r=g","url":"https:\/\/secure.gravatar.com\/avatar\/0a74107c71cdf9ebf883f79ceb979663ebcf8c249ad93e4ff4e2a8f2d6ceb2bf?s=96&d=mm&r=g","contentUrl":"https:\/\/secure.gravatar.com\/avatar\/0a74107c71cdf9ebf883f79ceb979663ebcf8c249ad93e4ff4e2a8f2d6ceb2bf?s=96&d=mm&r=g","caption":"ek-admin"},"url":"https:\/\/comingreat.eu\/fr\/author\/ek-admin\/"}]}},"_links":{"self":[{"href":"https:\/\/comingreat.eu\/fr\/wp-json\/wp\/v2\/posts\/12510","targetHints":{"allow":["GET"]}}],"collection":[{"href":"https:\/\/comingreat.eu\/fr\/wp-json\/wp\/v2\/posts"}],"about":[{"href":"https:\/\/comingreat.eu\/fr\/wp-json\/wp\/v2\/types\/post"}],"author":[{"embeddable":true,"href":"https:\/\/comingreat.eu\/fr\/wp-json\/wp\/v2\/users\/1"}],"replies":[{"embeddable":true,"href":"https:\/\/comingreat.eu\/fr\/wp-json\/wp\/v2\/comments?post=12510"}],"version-history":[{"count":4,"href":"https:\/\/comingreat.eu\/fr\/wp-json\/wp\/v2\/posts\/12510\/revisions"}],"predecessor-version":[{"id":12514,"href":"https:\/\/comingreat.eu\/fr\/wp-json\/wp\/v2\/posts\/12510\/revisions\/12514"}],"wp:featuredmedia":[{"embeddable":true,"href":"https:\/\/comingreat.eu\/fr\/wp-json\/wp\/v2\/media\/10033"}],"wp:attachment":[{"href":"https:\/\/comingreat.eu\/fr\/wp-json\/wp\/v2\/media?parent=12510"}],"wp:term":[{"taxonomy":"category","embeddable":true,"href":"https:\/\/comingreat.eu\/fr\/wp-json\/wp\/v2\/categories?post=12510"},{"taxonomy":"post_tag","embeddable":true,"href":"https:\/\/comingreat.eu\/fr\/wp-json\/wp\/v2\/tags?post=12510"}],"curies":[{"name":"wp","href":"https:\/\/api.w.org\/{rel}","templated":true}]}}